{"id":13016,"date":"2024-11-19T17:02:06","date_gmt":"2024-11-19T16:02:06","guid":{"rendered":"https:\/\/www.edizionilpuntodincontro.it\/articoli\/?p=13016"},"modified":"2026-07-07T15:27:30","modified_gmt":"2026-07-07T13:27:30","slug":"coronavirus-in-italia-e-gli-effetti-collaterali-del-vaccino","status":"publish","type":"post","link":"https:\/\/www.edizionilpuntodincontro.it\/articoli\/controinformazione\/coronavirus-in-italia-e-gli-effetti-collaterali-del-vaccino.html","title":{"rendered":"Coronavirus in Italia e gli effetti collaterali del vaccino"},"content":{"rendered":"<h2>Il drammatico caso di Camilla Canepa, il lato oscuro della PsyOp Covid-19 e gli effetti collaterali del vaccino.<\/h2>\n<p>Il 2021 \u00e8 sicuramente una delle pagine pi\u00f9 buie in assoluto della storia del nostro paese, degli ultimi 100 anni. Il <strong>coronavirus<\/strong> in Italia ha segnato le pagine della nostra memoria e continua a farlo con gli effetti collaterali da vaccino.<\/p>\n<p>Nei giorni scorsi, esattamente il <strong>31 ottobre<\/strong> us, i giornali hanno riportato alla ribalta il caso di <strong>Camilla Canepa.<\/strong> Cinque medici del Pronto Soccorso dell\u2019ospedale di Lavagna sono stati rinviati a giudizio con l\u2019ipotesi di omicidio colposo e falso ideologico.<br \/>Le ipotesi di reato rivolte a questi sanitari verranno discusse in tribunale a gennaio prossimo. Questa notizia, tuttavia, offre l\u2019opportunit\u00e0 di rifocalizzare la nostra attenzione su quanto successo collettivamente in quel periodo.<\/p>\n<h3><em><strong>Camilla \u00e8 un caso raro di oppure rappresenta solo la punta di un iceberg ancora completamente sommerso di effetti collaterali da vaccino?<\/strong><\/em><\/h3>\n<p>Esiste, quindi, ancora la necessit\u00e0 di riconsiderare attentamente gli avvenimenti nella giusta successione e cercando la giusta prospettiva per verificare se esistono responsabilit\u00e0 superiori, di tipo istituzionale.<br \/>Ricordo che, in quel periodo, <strong>Camilla<\/strong> \u00e8 una ragazza sana, di 18 anni, senza malattie concomitanti, che non assume alcun farmaco. <strong>Muore il 10 Giugno 2021<\/strong> dopo la somministrazione di <strong><em>Vaxrevia di AstraZeneca<\/em><\/strong>, uno dei quattro cd vaccini Covid-19 messi in commercio in quel periodo, a partire da fine dicembre 2020.<br \/>Rivediamo, sinteticamente, quello che \u00e8 il contesto di riferimento e quali sono i fatti pi\u00f9 importanti occorsi in questo arco temporale.<\/p>\n\n\n<figure class=\"wp-block-embed is-type-video is-provider-youtube wp-block-embed-youtube wp-embed-aspect-16-9 wp-has-aspect-ratio\"><div class=\"wp-block-embed__wrapper\">\n<iframe loading=\"lazy\" title=\"Leonardo Guerra rivela gli inganni del covid e il futuro con Trump\" width=\"1140\" height=\"641\" src=\"https:\/\/www.youtube.com\/embed\/7sZspFP4Wrs?feature=oembed\" frameborder=\"0\" allow=\"accelerometer; autoplay; clipboard-write; encrypted-media; gyroscope; picture-in-picture; web-share\" referrerpolicy=\"strict-origin-when-cross-origin\" allowfullscreen><\/iframe>\n<\/div><\/figure>\n\n\n\n<h3 class=\"wp-block-heading\">Dal 2020 ad oggi: la timeline del coronavirus degli effetti collaterali da vaccino<\/h3>\n\n\n\n<h4 class=\"wp-block-heading\">Si \u00e8 appena chiuso il 2020.<\/h4>\n\n\n\n<p class=\"wp-block-paragraph\"><strong>Il governo Conte<\/strong>, grazie alla copertura dell\u2019emergenza sanitaria Covid, al terrore generato dalla scelta di non curare i pazienti <strong>Covid<\/strong> e alla propaganda dei MSM, trasforma gli ospedali del SSN in presidi militari. Strutture impenetrabili e opache da dove non filtrano informazioni. I sanitari non possono rilasciare interviste. La modalit\u00e0 di comunicazione \u00e8 quella dei bollettini giornalieri oppure conferenze stampa asettiche dei vertici della struttura e delle stesse regioni. Vi si accede solo come pazienti. I familiari dei pazienti vengono tenuti accuratamente fuori dalle strutture. \u00c8 praticamente impossibile comunicare con i propri cari ricoverati. Lo stesso approccio viene esteso anche dagli altri settori della vita pubblica (amministrazioni pubbliche, banche, poste, ecc.).<\/p>\n\n\n\n<p class=\"wp-block-paragraph\">Si pu\u00f2 entrare solo su appuntamento, rispettando le rigide misure sanitarie, ascientifiche, imposte dai DPCM dal governo, che pongono le persone in soggezione, paurose, con un forte senso di colpa. Lo testimonia ufficialmente lo stesso ministro della sanit\u00e0 olandese che afferma che l\u2019operazione Covid-19 \u00e8 di origine militare, NATO. (<a target=\"_blank\" href=\"https:\/\/www.ilgiornaleditalia.it\/video\/esteri\/656403\/olanda-ministro-sanita-agema-ordini-nato-usa-nctv-covid-operazione-militare-video.html\" rel=\"noopener\">https:\/\/www.ilgiornaleditalia.it\/video\/esteri\/656403\/olanda-ministro-sanita-agema-ordini-nato-usa-nctv-covid-operazione-militare-video.html<\/a>).<\/p>\n\n\n<div class=\"wp-block-image\">\n<figure class=\"aligncenter\"><img loading=\"lazy\" decoding=\"async\" width=\"700\" height=\"247\" src=\"https:\/\/www.edizionilpuntodincontro.it\/articoli\/images\/effetti-collaterali-da-vaccino-covid19.jpg\" alt=\"Vaccinazione e effetti collaterali vaccino\" class=\"wp-image-13021\" srcset=\"https:\/\/www.edizionilpuntodincontro.it\/articoli\/images\/effetti-collaterali-da-vaccino-covid19.jpg 700w, https:\/\/www.edizionilpuntodincontro.it\/articoli\/images\/effetti-collaterali-da-vaccino-covid19-300x106.jpg 300w\" sizes=\"auto, (max-width: 700px) 100vw, 700px\" \/><\/figure>\n<\/div>\n\n\n<p class=\"wp-block-paragraph\"><\/p>\n\n\n\n<h4 class=\"wp-block-heading\">Gennaio 2021. I primi segnali di effetti collaterali da vaccino?<\/h4>\n\n\n\n<p class=\"wp-block-paragraph\">I cd <strong>vaccini Covid<\/strong> sono messi in forte discussione da molti autorevoli esperti della materia e del settore, fra cui il <em>British Medical Journal<\/em> per i numerosi aspetti, non trasparenti, riguardo i dati di sicurezza ed efficacia <a target=\"_blank\" href=\"https:\/\/blogs.bmj.com\/bmj\/2021\/01\/04\/peter-doshi-pfizer-and-modernas-95-effective-vaccines-we-need-more-details-and-the-raw-data\/\" rel=\"noopener\">(Peter Doshi: Pfizer and Moderna\u2019s \u201c95% effective\u201d vaccines\u2014we need more details and the raw data \u2013 The BMJ; Peter Doshi: Pfizer and Moderna\u2019s \u201c95% effective\u201d vaccines\u2014let\u2019s be cautious and first see the full data \u2013 The BMJ)<\/a>. Ma il governo italiano ha il ruolo chiave di capofila mondiale del <strong>coronavirus<\/strong>. Esattamente come con la cd legge Lorenzin che dal 2017 impone il green pass e la vaccinazione obbligatoria per i vaccini pediatrici. Questo \u00e8 il solco creato nella mente delle persone e delle masse, gi\u00e0 preparate alla trasformazione sociale e della vita delle persone che si vuole introdurre in modo traumatico. I tratti comuni sono numerosi e anche i metodi. In entrambi i casi le menzogne sostengono le due operazioni.<\/p>\n\n\n\n<p class=\"wp-block-paragraph\">L\u2019impressione \u00e8 che la cd <strong>legge Lorenzin<\/strong> sia \u201cl<em>\u2019impianto pilota<\/em>\u201d della vera operazione globale: il Covid-19 (o coronavirus), di cui il nostro paese \u00e8 l\u2019incubatore. Tutto il mondo guarda quanto succede in Italia e alle misure adottate e introdotte che vengono prontamente recepite dall\u2019OMS, diffuse e attuate negli altri paesi del mondo.<br>Il governo, pertanto, decide di procedere a testa bassa come un rullo compressore per onorare l\u2019impegno di vaccinare lil 90% della popolazione e di tappare la bocca alle voci discordanti, usando un vecchio espediente iper-collaudato: bollarli come \u201cno vax\u201d, \u201ccomplottisti\u201d ecc. Tattica introdotta, con successo, dall\u2019inizio del novecento, perfezionata con il 9\/11 (attentato alle Torri Gemelle), per inibire, impedire e castrare la libera espressione delle persone e delle masse sui dogmi del governo stesso. Il meccanismo psicologico fa leva sul senso di colpa, sulla paura dell\u2019animo umano e sulla potente minaccia di venire esclusi o espulsi dalla societ\u00e0.<br>I cd vaccini Covid vengono tutti, via via, autorizzati con la procedura d\u2019emergenza dalle varie agenzie regolatorie dei governi. In altre parole sono tutti prodotti sperimentali, immessi in commercio con dati clinici di sicurezza ed efficacia, insufficienti, incompleti e approssimativi. A livello globale, per mitigare le critiche, viene deciso di sottoporli a monitoraggio, tramite il processo di farmacovigilanza passiva, invece di quella attiva. Cio\u00e8 le segnalazioni ricevute provengono spontanee dai cittadini. Sistema notoriamente inadeguato allo scopo, per il metodo e i criteri utilizzati, decisi arbitrariamente dall\u2019OMS. Il Prof Paolo Bellavite lo spiega brillantemente in un convegno recente: Condav (<a href=\"https:\/\/lanuovabq.it\/it\/come-oms-e-aifa-hanno-occultato-il-nesso-di-causa\">https:\/\/lanuovabq.it\/it\/come-oms-e-aifa-hanno-occultato-il-nesso-di-causa<\/a>).<\/p>\n\n\n\n<p class=\"wp-block-paragraph\">Il cd vaccino \u201csalvifico\u201d non \u00e8 mai stato n\u00e9 \u201csicuro\u201d n\u00e9 efficace\u201d fin dall\u2019inizio. Per farlo percepire alle masse come tale, i governi devono ricorrere a meccanismi psicologici arcaici, mai dismessi, e investire enormemente sulla manipolazione mentale di massa, ottenuta grazie alla propaganda dei MSM, potenziata da tecniche di marketing. La maggioranza dei giornalisti, dei politici, dei cd esperti, della classe medica, gli ordini professionali tutti e la Chiesa Cattolica si prestano prontamente e contribuiscono direttamente e volontariamente alla buona riuscita di tale operazione. I medici vaccinatori iniettano i prodotti C-19 percependo \u20ac48\/h, oltre al normale stipendio. Una cuccagna. Il tutto alla faccia del codice deontologico, del giuramento di Ippocrate e del principio di precauzione. Lo iniettano senza conoscerne la composizione e cosa contiene, n\u00e9 tanto meno i possibili <strong>eventi collaterali<\/strong> n\u00e9 se funziona. Tanto meno lo prescrivono, come la legge richiede esplicitamente. Il sistema nel suo complesso gira la testa dall\u2019altra parte.<\/p>\n\n\n<div class=\"wp-block-image\">\n<figure class=\"aligncenter\"><img loading=\"lazy\" decoding=\"async\" width=\"700\" height=\"467\" src=\"https:\/\/www.edizionilpuntodincontro.it\/articoli\/images\/coronavirus-in-italia.jpg\" alt=\"effetti collaterali vaccino\" class=\"wp-image-13023\" srcset=\"https:\/\/www.edizionilpuntodincontro.it\/articoli\/images\/coronavirus-in-italia.jpg 700w, https:\/\/www.edizionilpuntodincontro.it\/articoli\/images\/coronavirus-in-italia-300x200.jpg 300w\" sizes=\"auto, (max-width: 700px) 100vw, 700px\" \/><\/figure>\n<\/div>\n\n\n<p class=\"wp-block-paragraph\"><\/p>\n\n\n\n<h4 class=\"wp-block-heading\">Il 3 Febbraio 2021.<\/h4>\n\n\n\n<p class=\"wp-block-paragraph\">Il Presidente della Repubblica, quindi, conferisce l\u2019incarico di formare un nuovo governo a Mario Draghi, il riferente in Italia delle banche e del globalismo finanziario. La sua missione appare chiara da subito: la vaccinazione di massa deve prevalere su tutto e su tutti, con ogni mezzo e a qualsiasi costo. Nomina, quindi, il primo di Marzo il Generale Francesco Paolo Figliuolo: Commissario straordinario per l\u2019emergenza Covid-19. Riconferma Speranza a Ministro della Salute e Magrini DG di AIFA.<\/p>\n\n\n\n<h4 class=\"wp-block-heading\">Il 15 marzo 2021.<\/h4>\n\n\n\n<p class=\"wp-block-paragraph\">L\u2019uso del vaccino Vaxrevia viene sospeso da AIFA (AIFA: sospensione precauzionale del vaccino AstraZeneca), a seguito di segnalazioni, in Europa, di casi sospetti di fenomeni di coagulazione disseminata, intravascolare e cerebrale, associati anche a trombocitopenia (VITT), che ne suggeriscono la sospensione cautelativa. L\u2019effetto collaterale che risulta aver ucciso Camilla.<\/p>\n\n\n\n<h4 class=\"wp-block-heading\">Il 18 marzo 2021.<\/h4>\n\n\n\n<p class=\"wp-block-paragraph\">L\u2019EMA (Agenzia Europea dei Farmaci), comunica di aver svolto tutte le possibili indagini e in conferenza stampa, conclude e comunica che: \u201cnonostante non fosse possibile esclude un collegamento fra questi fenomeni trombotici e Vaxrevia\u201d, definisce lo stesso prodotto \u201csicuro ed efficace\u201d vs l\u2019infezione Covid. Aggiunge, inoltre, che il prodotto \u00e8 in grado di proteggere le persone dall\u2019infezione da SARS CoV 2 e d\u2019interrompere la trasmissione dello stesso virus. Conclude, affermando che: \u201ci benefici superano abbondantemente i rischi\u201d. Dichiarazioni che si riveleranno false e ingannevoli.<\/p>\n\n\n\n<h4 class=\"wp-block-heading\">Il 20 Marzo 2021<\/h4>\n\n\n\n<p class=\"wp-block-paragraph\">Draghi (<a href=\"https:\/\/www.youtube.com\/watch?v=vGV1NqYm3UE\">Draghi: \u00abFar\u00f2 il vaccino AstraZeneca. Mio figlio l\u2019ha appena fatto in Inghilterra\u00bb<\/a>), ripropone la posizione EMA, tal quale, in conferenza stampa.<\/p>\n\n\n\n<h4 class=\"wp-block-heading\">Il 01 Aprile del 2021<\/h4>\n\n\n\n<p class=\"wp-block-paragraph\">Il governo Draghi assume, quindi, la sua prima decisione importante con il Decreto Legge n.44, cio\u00e8 l\u2019obbligo vaccinale per il personale sanitario. Obbligo basato sull\u2019assunto che il vaccino sia in grado d\u2019interrompere la trasmissione del virus, ma non \u00e8 mai stato dimostrato. Assioma smentito, tardivamente e colpevolmente, dalla stessa Pfizer nella persona di Janine Small, President of International Developed Markets, durante l\u2019audizione al parlamento Ue il 10 Ottobre 2022 (<a href=\"https:\/\/multimedia.europarl.europa.eu\/it\/video\/lessons-learned-and-recommendations-for-the-future-extracts-from-the-exchange-of-views-ep-special-committee-on-the-covid-19-pandemic_I231213\">COVID-19 \u2013 Lessons learned and recommendations for the future: extracts from the exchange of views \u2013 EP Special Committee on the COVID-19 pandemic \u2013 Multimedia Centre<\/a>) e dalla stessa AIFA (<a href=\"https:\/\/www.lindipendente.online\/2024\/08\/19\/covid-ora-lo-ammette-anche-laifa-i-vaccini-non-hanno-mai-impedito-il-contagio\/\">Covid, ora lo ammette anche l\u2019AIFA: i vaccini non hanno mai impedito il contagio \u2013 L\u2019INDIPENDENTE<\/a>) che lo sapeva fin dall\u2019inizio, ma che \u00e8 rimasta in silenzio. L\u2019imprinting governativo genera un effetto moltiplicatore, pi\u00f9 potente perch\u00e9 surrettizio, mediatico e subdolo. Un vero sortilegio, in piena regola, sulla popolazione. Tutte le imprese, grandi e piccole, multinazionali e locali, si schierano a fianco di un governo totalitario, camuffato da buon padre di famiglia (un lupo che indossa una pelle d\u2019agnello). Il vaccino \u00e8 il nuovo \u201cvitello d\u2019oro\u201d non si deve e non si pu\u00f2 mettere in discussione, pena l\u2019attacco incrociato e concentrico delle \u201ctruppe cammellate\u201d, arruolatesi volontariamente \u201cnell\u2019armata degli orchi\u201d.<br>Il Green pass completa l\u2019opera di enorme pressione sociale, ricattando tutti indistintamente. Il ministro del lavoro, Brunetta, non vede l\u2019ora di fare esercizio pubblico di sadismo istituzionale (<a href=\"https:\/\/www.youtube.com\/watch?v=L-plSaRHT2E\">Green pass, Brunetta: \u00abMisura geniale. Necessario per tutti i lavoratori\u00bb<\/a>). L\u2019ex ministro parla di un alto \u201ccosto psichico\u201d, volutamente inferto ai non vaccinati, per piegare la loro esitazione.<br>Il 90% della popolazione eleggibile viene vaccinata, perch\u00e9 persuasa, obbligata, terrorizzata e\/o ricattata. Molti giovani e adulti cadono sotto l\u2019effetto di questo incantesimo ipnotico. Le persone si precipitano, pertanto, negli Hub vaccinali e negli \u201cOpenDay organizzati dalle regioni che offrono, con l\u2019occasione, anche uno spritz. Intervistati in fila agli hub le persone ripetono, come automi, gli slogan imbeccati dai media, \u201cmi vaccino per essere libero di muovermi e di viaggiare\u201d. Il livello di plagio \u00e8 cos\u00ec straordinariamente potente da sovrastare i segnali gi\u00e0 molto evidenti di sicurezza di questi prodotti, anche ai non esperti.<\/p>\n\n\n<div class=\"wp-block-image\">\n<figure class=\"aligncenter\"><img loading=\"lazy\" decoding=\"async\" width=\"800\" height=\"534\" src=\"https:\/\/www.edizionilpuntodincontro.it\/articoli\/images\/effetti-collaterali-vaccino.jpg\" alt=\"effetti collaterali vaccino\" class=\"wp-image-13024\" srcset=\"https:\/\/www.edizionilpuntodincontro.it\/articoli\/images\/effetti-collaterali-vaccino.jpg 800w, https:\/\/www.edizionilpuntodincontro.it\/articoli\/images\/effetti-collaterali-vaccino-300x200.jpg 300w, https:\/\/www.edizionilpuntodincontro.it\/articoli\/images\/effetti-collaterali-vaccino-768x513.jpg 768w\" sizes=\"auto, (max-width: 800px) 100vw, 800px\" \/><\/figure>\n<\/div>\n\n\n<p class=\"wp-block-paragraph\"><\/p>\n\n\n\n<h4 class=\"wp-block-heading\">Il 15 Aprile del 2021. Ignorano gli effetti collaterali da vaccino e dichiarano: sono sicuri!<\/h4>\n\n\n\n<p class=\"wp-block-paragraph\">Speranza in parlamento ribadisce anche lui che Vaxrevia \u00e8 un prodotto \u201csicuro ed efficace\u201d, sciorinando con orgoglio che a quel momento erano stati somministrati 32 milioni di dosi di vaccini Covid 19, con soltanto 222 segnalazioni alla farmacovigilanza, di cui solo 88 sono validati come Eventi Avversi e \u201csolo\u201d 18 eventi fatali (<a href=\"https:\/\/www.youtube.com\/watch?v=zU-N3M41ykA\">Vaccini, Speranza: \u201cAstraZeneca efficace e sicuro. Su J&J seguiamo con attenzione valutazione dati\u201d<\/a>). La sicurezza dei prodotti Covid viene ridotta ad una banale questione statistica, assumendo che quanto riportato dal sistema di Farmacovigilanza, gestito da AIFA in pieno conflitto d\u2019interesse, sia la \u201cverit\u00e0\u201d. Notoriamente, invece, sottostima quantitativamente il fenomeno da 100 a 1000 volte. A questo si aggiungono i casi di manipolazione degli eventi pi\u00f9 gravi (alcuni mortali) rivelati dalla trasmissione \u201cFuori dal Coro\u201d, rendendo il quadro complessivo inquietante.<br>Nonostante tutto, la maggior parte delle persone continua a fidarsi del \u201cvirologo Draghi\u201d e si offre volontariamente alla somministrazione di questi prodotti sperimentali, di cui non si conosce nulla. \u00c8 il caso di moltissimi giovani, fra questi, appunto, c\u2019\u00e8 Camilla Canepa. Molti altri casi mortali, invece, riguardano persone ricattate, e\/o non tutelate, come nel caso del maresciallo Stefano Patern\u00f2 di Catania, padre di famiglia di 40 anni, morto per ADE subito dopo la somministrazione (<a href=\"https:\/\/www.quotidianosanita.it\/cronache\/articolo.php?articolo_id=95896\">Morte sospetta dopo vaccino AstraZeneca. La Procura di Siracusa chiarisce le cause del decesso del militare Patern\u00f2: \u201cC\u2019\u00e8 stata una risposta infiammatoria esagerata perch\u00e8 era positivo asintomatico senza saperlo\u201d \u2013 Quotidiano Sanit\u00e0<\/a>). O di donne incinte e persone fragili vaccinati, infrangendo la \u201cregola d\u2019oro della medicina\u201d del dopo guerra che ha sempre voluto tenere queste due categorie escluse da qualsiasi rischio iatrogeno, anche il pi\u00f9 remoto, per ovvie ragioni.<\/p>\n\n\n\n<h4 class=\"wp-block-heading\">Il 15 luglio 2021.<\/h4>\n\n\n\n<p class=\"wp-block-paragraph\">Sempre il governo Draghi da un altro giro di vite al sistema, imprimendo una ulteriore penetrazione nel tessuto sociale e maggiore potenza all\u2019effetto trasformativo della operazione Covid sulla vita delle persone e cos\u00ec l\u2019obbligo vaccinale viene esteso per legge a tutti gli over 50 ( G.U. Serie Generale n.164 la conversione del Decreto Legge AIUTI nella Legge 15 luglio 2022, n. 91).<\/p>\n\n\n\n<h4 class=\"wp-block-heading\">Il 6 Agosto 2021.<\/h4>\n\n\n\n<p class=\"wp-block-paragraph\">Sar\u00e0 il turno del green pass che diventer\u00e0 obbligatorio per legge, con un decreto approvato il 22 luglio e in gazzetta ufficiale il 23 luglio (<em>DECRETO-LEGGE 23 luglio 2021 , n. 105<\/em>).<br>Tutti questi provvedimenti sono e saranno basati sull\u2019inganno, nessun dato scientifico li giustifica, in piena continuit\u00e0 con le misure adottate dal Governo Conte (Lockdown, Tamponi PCR, ecc).<br>Nel frattempo, uno studio stima che i morti per le misure Covid introdotte, dal 2021 in poi, sia almeno di 17 milioni di persone, con un fattore x4 riguardo i danneggiati (<a href=\"https:\/\/correlation-canada.org\/covid-excess-mortality-125-countries\/\">https:\/\/correlation-canada.org\/covid-excess-mortality-125-countries\/<\/a>).<br>Un tribunale sentenzia, concludendo, che la vita di una persona sana di 35 anni, padre di 3 figli, morta per miocardite da vaccino Covid, vale un indennizzo di \u20ac100.000 una tantum. (<a href=\"https:\/\/www.ilgiornaleditalia.it\/news\/cronaca\/651788\/agrigento-morto-miocardite-vaccino-covid-astrazeneca-stato-risarcira-famiglia.html\">https:\/\/www.ilgiornaleditalia.it\/news\/cronaca\/651788\/agrigento-morto-miocardite-vaccino-covid-astrazeneca-stato-risarcira-famiglia.html<\/a>)<br>Il tribunale di Velletri dichiara, invece, che l\u2019obbligo vaccinale per il Covid \u00e8 illegittimo. L\u2019inganno viene smascherato anche da un giudice, finalmente.<\/p>\n\n\n\n<p class=\"wp-block-paragraph\"><strong>Bill Gates, finisce sotto processo in Olanda per false informazioni pubbliche sui vaccini Covid (<a href=\"https:\/\/rechtoprecht.online\/\">Home \u2013 Stichting Recht Oprecht<\/a>).<\/strong><\/p>\n\n\n\n<h3 class=\"wp-block-heading\">Infine, Camilla, e tutti gli altri casi analoghi ancora sommersi, sono vittime di un effetto collaterale o di una volont\u00e0 politica da codice penale?<\/h3>\n\n\n\n<figure class=\"wp-block-image size-large\"><a href=\"https:\/\/www.edizionilpuntodincontro.it\/libri\/covid-19-e-agenda-2030-inganno-criminale.html\"><img loading=\"lazy\" decoding=\"async\" width=\"732\" height=\"1024\" src=\"https:\/\/www.edizionilpuntodincontro.it\/articoli\/images\/Covid19-e-agenda2030-732x1024.jpg\" alt=\"\" class=\"wp-image-13025\" srcset=\"https:\/\/www.edizionilpuntodincontro.it\/articoli\/images\/Covid19-e-agenda2030-732x1024.jpg 732w, https:\/\/www.edizionilpuntodincontro.it\/articoli\/images\/Covid19-e-agenda2030-214x300.jpg 214w, https:\/\/www.edizionilpuntodincontro.it\/articoli\/images\/Covid19-e-agenda2030-768x1075.jpg 768w, https:\/\/www.edizionilpuntodincontro.it\/articoli\/images\/Covid19-e-agenda2030-1098x1536.jpg 1098w, https:\/\/www.edizionilpuntodincontro.it\/articoli\/images\/Covid19-e-agenda2030-1464x2048.jpg 1464w, https:\/\/www.edizionilpuntodincontro.it\/articoli\/images\/Covid19-e-agenda2030.jpg 1550w\" sizes=\"auto, (max-width: 732px) 100vw, 732px\" \/><\/a><\/figure>\n","protected":false},"excerpt":{"rendered":"<p>Il drammatico caso di Camilla Canepa, il lato oscuro della PsyOp Covid-19 e gli effetti collaterali del vaccino. Il 2021 \u00e8 sicuramente una delle pagine pi\u00f9 buie in assoluto della storia del nostro paese, degli ultimi 100 anni. Il coronavirus in Italia ha segnato le pagine della nostra memoria e continua a farlo con gli effetti collaterali da vaccino. Nei giorni scorsi, esattamente il 31 ottobre us, i giornali hanno riportato alla ribalta il caso di Camilla Canepa. Cinque medici del Pronto Soccorso dell\u2019ospedale di Lavagna sono stati rinviati a giudizio con l\u2019ipotesi di omicidio colposo e falso ideologico.Le ipotesi&#8230;<\/p>\n","protected":false},"author":174,"featured_media":13076,"comment_status":"open","ping_status":"open","sticky":false,"template":"","format":"standard","meta":{"footnotes":""},"categories":[10164],"tags":[],"class_list":["post-13016","post","type-post","status-publish","format-standard","has-post-thumbnail","hentry","category-controinformazione"],"_links":{"self":[{"href":"https:\/\/www.edizionilpuntodincontro.it\/articoli\/wp-json\/wp\/v2\/posts\/13016","targetHints":{"allow":["GET"]}}],"collection":[{"href":"https:\/\/www.edizionilpuntodincontro.it\/articoli\/wp-json\/wp\/v2\/posts"}],"about":[{"href":"https:\/\/www.edizionilpuntodincontro.it\/articoli\/wp-json\/wp\/v2\/types\/post"}],"author":[{"embeddable":true,"href":"https:\/\/www.edizionilpuntodincontro.it\/articoli\/wp-json\/wp\/v2\/users\/174"}],"replies":[{"embeddable":true,"href":"https:\/\/www.edizionilpuntodincontro.it\/articoli\/wp-json\/wp\/v2\/comments?post=13016"}],"version-history":[{"count":0,"href":"https:\/\/www.edizionilpuntodincontro.it\/articoli\/wp-json\/wp\/v2\/posts\/13016\/revisions"}],"wp:featuredmedia":[{"embeddable":true,"href":"https:\/\/www.edizionilpuntodincontro.it\/articoli\/wp-json\/wp\/v2\/media\/13076"}],"wp:attachment":[{"href":"https:\/\/www.edizionilpuntodincontro.it\/articoli\/wp-json\/wp\/v2\/media?parent=13016"}],"wp:term":[{"taxonomy":"category","embeddable":true,"href":"https:\/\/www.edizionilpuntodincontro.it\/articoli\/wp-json\/wp\/v2\/categories?post=13016"},{"taxonomy":"post_tag","embeddable":true,"href":"https:\/\/www.edizionilpuntodincontro.it\/articoli\/wp-json\/wp\/v2\/tags?post=13016"}],"curies":[{"name":"wp","href":"https:\/\/api.w.org\/{rel}","templated":true}]}}