{"id":13504,"date":"2026-08-10T16:45:16","date_gmt":"2026-08-10T14:45:16","guid":{"rendered":"https:\/\/www.edizionilpuntodincontro.it\/articoli\/?p=13504"},"modified":"2026-08-12T09:57:12","modified_gmt":"2026-08-12T07:57:12","slug":"luce-nelle-tenebre-la-filosofia-di-vita-di-rickson-gracie-tra-jiu-jitsu-e-resilienza","status":"publish","type":"post","link":"https:\/\/www.edizionilpuntodincontro.it\/articoli\/benessere\/luce-nelle-tenebre-la-filosofia-di-vita-di-rickson-gracie-tra-jiu-jitsu-e-resilienza.html","title":{"rendered":"Luce nelle tenebre: la filosofia di vita di Rickson Gracie tra Jiu Jitsu e resilienza"},"content":{"rendered":"\n<p class=\"wp-block-paragraph\"><strong><a href=\"https:\/\/www.edizionilpuntodincontro.it\/libri\/luce-nelle-tenebre.html\">Luce nelle tenebre<\/a><\/strong> \u00e8 molto pi\u00f9 di una semplice autobiografia: \u00e8 il racconto intenso, sincero e ispirante di <strong><a href=\"https:\/\/www.edizionilpuntodincontro.it\/autori\/rickson-gracie.html\"><em>Rickson Gracie<\/em><\/a><\/strong>, leggenda vivente del Brazilian Jiu Jitsu e figura chiave nella nascita delle arti marziali miste (MMA).<\/p>\n\n\n\n<p class=\"wp-block-paragraph\">In questo libro, l\u2019autore condivide non solo la sua carriera da combattente invincibile, ma anche il percorso profondo di trasformazione personale che ha affrontato grazie alla pratica consapevole del Jiu Jitsu<sup><\/sup>, rivelando come bilanciare e allineare mente, corpo e spirito di fronte a ogni avversit\u00e0.<\/p>\n\n\n<div class=\"wp-block-image\">\n<figure class=\"alignleft size-full is-resized\"><img loading=\"lazy\" decoding=\"async\" width=\"500\" height=\"500\" src=\"https:\/\/www.edizionilpuntodincontro.it\/articoli\/images\/rickson-gracie.webp\" alt=\"rickson gracie\n\" class=\"wp-image-13509\" style=\"width:373px;height:auto\" srcset=\"https:\/\/www.edizionilpuntodincontro.it\/articoli\/images\/rickson-gracie.webp 500w, https:\/\/www.edizionilpuntodincontro.it\/articoli\/images\/rickson-gracie-300x300.webp 300w, https:\/\/www.edizionilpuntodincontro.it\/articoli\/images\/rickson-gracie-150x150.webp 150w, https:\/\/www.edizionilpuntodincontro.it\/articoli\/images\/rickson-gracie-80x80.webp 80w\" sizes=\"auto, (max-width: 500px) 100vw, 500px\" \/><\/figure>\n<\/div>\n\n\n<h2 class=\"wp-block-heading\">Chi \u00e8 Rickson Gracie: la leggenda del BJJ<\/h2>\n\n\n\n<p class=\"wp-block-paragraph\">Considerato il <strong>padre delle moderne arti marziali miste<\/strong> e membro della celebre \u201cprima famiglia delle arti marziali\u201d, <strong>Rickson Gracie<\/strong> \u00e8 una figura di riferimento assoluta. Nato il 21 novembre 1958 a Rio de Janeiro, \u00e8 il terzo figlio del Gran Maestro H\u00e9lio Gracie, cofondatore del Brazilian Jiu-Jitsu.<\/p>\n\n\n\n<p class=\"wp-block-paragraph\">La sua carriera agonistica \u00e8 segnata da un record straordinario con <strong>oltre trent\u2019anni di imbattibilit\u00e0 e pi\u00f9 di 400 vittorie senza sconfitte<\/strong> tra gare di <em>BJJ<\/em>, <em>MMA<\/em> e incontri di <em>Vale Tudo<\/em>. Promosso nel 2017 al grado di cintura rossa (il secondo pi\u00f9 alto nel BJJ), <strong>Rickson Gracie<\/strong> ha dedicato la sua vita all\u2019insegnamento rivolto a chiunque: uomini, donne, bambini, atleti, ma anche reparti speciali come i Navy SEALs, l\u2019FBI e le squadre SWAT.<\/p>\n\n\n\n<h3 class=\"wp-block-heading\">Un viaggio tra corpo, mente e spirito<\/h3>\n\n\n\n<p class=\"wp-block-paragraph\">Nel libro, <strong>Rickson Gracie<\/strong> accompagna il lettore ben oltre i confini del tatami. Con grande lucidit\u00e0 e trasparenza, ripercorre i <strong>momenti pi\u00f9 significativi della sua esistenza<\/strong>: dai trionfi sportivi ai dolori pi\u00f9 bui, come la tragica perdita di un figlio e la recente diagnosi del morbo di Parkinson, una sfida che affronta come la battaglia pi\u00f9 importante della sua vita.<\/p>\n\n\n\n<p class=\"wp-block-paragraph\">Come dichiara lo stesso autore:<sup><\/sup><\/p>\n\n\n\n<blockquote class=\"wp-block-quote is-layout-flow wp-block-quote-is-layout-flow\">\n<p class=\"wp-block-paragraph\">\u00abIl mio subconscio mi dava gi\u00e0 la certezza che arrendermi non \u00e8 un\u2019opzione. Non devi arrenderti, devi continuare a lottare. Con questo approccio ho iniziato a studiare e a comprendere meglio il nuovo avversario che avevo nella mia vita.\u00bb<\/p>\n<\/blockquote>\n\n\n\n<p class=\"wp-block-paragraph\">Per <strong>Rickson Gracie<\/strong>, il Jiu Jitsu non \u00e8 un semplice sport o una tecnica di combattimento, ma un <strong>sistema filosofico<\/strong> e una <strong>via spirituale<\/strong> per mantenere la pace interiore e la felicit\u00e0.<\/p>\n\n\n\n<figure class=\"wp-block-embed is-type-video is-provider-youtube wp-block-embed-youtube wp-embed-aspect-16-9 wp-has-aspect-ratio\"><div class=\"wp-block-embed__wrapper\">\n<iframe loading=\"lazy\" title=\"Scopri i Segreti del Jiu Jitsu Invisibile di Gracie! Un libro che ti cambier\u00e0 #ricksongracie\" width=\"1140\" height=\"641\" src=\"https:\/\/www.youtube.com\/embed\/5Zt2u6TKtYU?feature=oembed\" frameborder=\"0\" allow=\"accelerometer; autoplay; clipboard-write; encrypted-media; gyroscope; picture-in-picture; web-share\" referrerpolicy=\"strict-origin-when-cross-origin\" allowfullscreen><\/iframe>\n<\/div><\/figure>\n\n\n\n<h3 class=\"wp-block-heading\">I principi del \u201cJiu Jitsu invisibile\u201d<\/h3>\n\n\n\n<p class=\"wp-block-paragraph\">In questo testo vengono rivelati per la prima volta i concetti del cosiddetto <strong>Jiu Jitsu invisibile<\/strong><sup><\/sup>, un approccio creato dallo stesso maestro che unisce corpo e mente in un\u2019unica armonia<sup><\/sup>.<\/p>\n\n\n\n<p class=\"wp-block-paragraph\">Non si tratta soltanto di leve o proiezioni visibili, ma di dettagli impercettibili ed essenziali<sup><\/sup>:<\/p>\n\n\n\n<ul class=\"wp-block-list\">\n<li><strong>Controllo della respirazione e della postura:<\/strong> Per gestire l\u2019energia e calmare il sistema nervoso.<\/li>\n\n\n\n<li><strong>Gestione delle emozioni e della paura:<\/strong> Per non reclinare la testa di fronte agli ostacoli.<\/li>\n\n\n\n<li><strong>Connessione e presenza:<\/strong> Per sviluppare una consapevolezza superiore da applicare alle sfide quotidiane.<\/li>\n<\/ul>\n\n\n\n<h3 class=\"wp-block-heading\">Perch\u00e9 leggere \u201cLuce nelle tenebre\u201d<\/h3>\n\n\n\n<p class=\"wp-block-paragraph\"><strong><a href=\"https:\/\/www.edizionilpuntodincontro.it\/libri\/luce-nelle-tenebre.html\">Luce nelle tenebre<\/a><\/strong> \u00e8 un <strong>manuale di sopravvivenza emotiva e mentale adatto a tutti<\/strong>, non solo ai lottatori o agli appassionati di arti marziali. \u00c8 una guida pratica per chiunque desideri trasformare le difficolt\u00e0 in opportunit\u00e0 di crescita.<\/p>\n\n\n\n<p class=\"wp-block-paragraph\">Leggendo questo libro scoprirai:<\/p>\n\n\n\n<ul class=\"wp-block-list\">\n<li><em>Le basi filosofiche e spirituali del Brazilian Jiu Jitsu.<\/em><\/li>\n\n\n\n<li><em>I protocolli del Jiu Jitsu invisibile spiegati dal suo creatore.<\/em><\/li>\n\n\n\n<li><em>Un esempio concreto di resilienza di fronte alla malattia e al dolore.<\/em><\/li>\n\n\n\n<li><em>Strategie per allineare mente, corpo e spirito nella vita di tutti i giorni.<\/em><\/li>\n<\/ul>\n\n\n\n<hr class=\"wp-block-separator has-alpha-channel-opacity\"\/>\n\n\n\n<p class=\"wp-block-paragraph\">Se vuoi imparare ad affrontare le sfide quotidiane con la centratura di un grande maestro, scopri <strong><em>\u201cLuce nelle tenebre\u201d<\/em><\/strong> <strong>di Rickson Gracie<\/strong> (Edizioni Il Punto d\u2019Incontro), disponibile in tutte le librerie, nei digital store e sul nostro shop online ufficiale.<\/p>\n\n\n\n<div class=\"wp-block-columns is-layout-flex wp-container-core-columns-is-layout-8f761849 wp-block-columns-is-layout-flex\">\n<div class=\"wp-block-column is-vertically-aligned-center is-layout-flow wp-block-column-is-layout-flow\" style=\"flex-basis:100%\">\n<div class=\"wp-block-group is-layout-grid wp-container-core-group-is-layout-9d260ee2 wp-block-group-is-layout-grid\">\n<div class=\"wp-block-columns is-layout-flex wp-container-core-columns-is-layout-8f761849 wp-block-columns-is-layout-flex\">\n<div class=\"wp-block-column is-layout-flow wp-block-column-is-layout-flow\" style=\"flex-basis:100%\">\n<figure class=\"wp-block-gallery aligncenter has-nested-images columns-default is-cropped wp-block-gallery-1 is-layout-flex wp-block-gallery-is-layout-flex\"><div class=\"wp-block-image\">\n<figure class=\"aligncenter size-large\"><a href=\"https:\/\/www.edizionilpuntodincontro.it\/libri\/luce-nelle-tenebre.html\"><img loading=\"lazy\" decoding=\"async\" width=\"707\" height=\"1024\" data-id=\"13505\" src=\"https:\/\/www.edizionilpuntodincontro.it\/articoli\/images\/Luce-nelle-tenebre-707x1024.jpg\" alt=\"\" class=\"wp-image-13505\" srcset=\"https:\/\/www.edizionilpuntodincontro.it\/articoli\/images\/Luce-nelle-tenebre-707x1024.jpg 707w, https:\/\/www.edizionilpuntodincontro.it\/articoli\/images\/Luce-nelle-tenebre-207x300.jpg 207w, https:\/\/www.edizionilpuntodincontro.it\/articoli\/images\/Luce-nelle-tenebre-768x1112.jpg 768w, https:\/\/www.edizionilpuntodincontro.it\/articoli\/images\/Luce-nelle-tenebre-1060x1536.jpg 1060w, https:\/\/www.edizionilpuntodincontro.it\/articoli\/images\/Luce-nelle-tenebre-1414x2048.jpg 1414w, https:\/\/www.edizionilpuntodincontro.it\/articoli\/images\/Luce-nelle-tenebre.jpg 1550w\" sizes=\"auto, (max-width: 707px) 100vw, 707px\" \/><\/a><\/figure>\n<\/div><\/figure>\n<\/div>\n<\/div>\n<\/div>\n\n\n<div class=\"wp-block-image\">\n<figure class=\"alignleft size-large is-resized\"><a href=\"https:\/\/www.edizionilpuntodincontro.it\/libri\/luce-nelle-tenebre-ebook.html\"><img loading=\"lazy\" decoding=\"async\" width=\"680\" height=\"1024\" src=\"https:\/\/www.edizionilpuntodincontro.it\/articoli\/images\/luce-nelle-tenebre-ebook-2-680x1024.png\" alt=\"\" class=\"wp-image-13508\" style=\"aspect-ratio:0.6640706974141348;width:218px;height:auto\" srcset=\"https:\/\/www.edizionilpuntodincontro.it\/articoli\/images\/luce-nelle-tenebre-ebook-2-680x1024.png 680w, https:\/\/www.edizionilpuntodincontro.it\/articoli\/images\/luce-nelle-tenebre-ebook-2-199x300.png 199w, https:\/\/www.edizionilpuntodincontro.it\/articoli\/images\/luce-nelle-tenebre-ebook-2-768x1157.png 768w, https:\/\/www.edizionilpuntodincontro.it\/articoli\/images\/luce-nelle-tenebre-ebook-2-1020x1536.png 1020w, https:\/\/www.edizionilpuntodincontro.it\/articoli\/images\/luce-nelle-tenebre-ebook-2.png 1029w\" sizes=\"auto, (max-width: 680px) 100vw, 680px\" \/><\/a><\/figure>\n<\/div><\/div>\n<\/div>\n\n\n\n<p class=\"wp-block-paragraph\"><\/p>\n","protected":false},"excerpt":{"rendered":"<p>Luce nelle tenebre \u00e8 molto pi\u00f9 di una semplice autobiografia: \u00e8 il racconto intenso, sincero e ispirante di Rickson Gracie, leggenda vivente del Brazilian Jiu Jitsu e figura chiave nella nascita delle arti marziali miste (MMA). In questo libro, l\u2019autore condivide non solo la sua carriera da combattente invincibile, ma anche il percorso profondo di trasformazione personale che ha affrontato grazie alla pratica consapevole del Jiu Jitsu, rivelando come bilanciare e allineare mente, corpo e spirito di fronte a ogni avversit\u00e0. Chi \u00e8 Rickson Gracie: la leggenda del BJJ Considerato il padre delle moderne arti marziali miste e membro della&#8230;<\/p>\n","protected":false},"author":1,"featured_media":13510,"comment_status":"open","ping_status":"open","sticky":false,"template":"","format":"standard","meta":{"footnotes":""},"categories":[1,8663,8093,10246],"tags":[3949,10269,10271,2585,680,10267,3953,2697,10270,10272,10273,10268,3948,1194],"class_list":["post-13504","post","type-post","status-publish","format-standard","has-post-thumbnail","hentry","category-benessere","category-biografia","category-biografie","category-crescita-personale","tag-benessere","tag-bjj","tag-brazilian-jiu-jitsu","tag-ebook","tag-edizioni-il-punto-dincontro","tag-jiu-jitsu-invisibile","tag-libri","tag-libro","tag-luce-nelle-tenebre","tag-mma","tag-resilienza","tag-rickson-gracie","tag-salute","tag-salute-e-benessere"],"_links":{"self":[{"href":"https:\/\/www.edizionilpuntodincontro.it\/articoli\/wp-json\/wp\/v2\/posts\/13504","targetHints":{"allow":["GET"]}}],"collection":[{"href":"https:\/\/www.edizionilpuntodincontro.it\/articoli\/wp-json\/wp\/v2\/posts"}],"about":[{"href":"https:\/\/www.edizionilpuntodincontro.it\/articoli\/wp-json\/wp\/v2\/types\/post"}],"author":[{"embeddable":true,"href":"https:\/\/www.edizionilpuntodincontro.it\/articoli\/wp-json\/wp\/v2\/users\/1"}],"replies":[{"embeddable":true,"href":"https:\/\/www.edizionilpuntodincontro.it\/articoli\/wp-json\/wp\/v2\/comments?post=13504"}],"version-history":[{"count":0,"href":"https:\/\/www.edizionilpuntodincontro.it\/articoli\/wp-json\/wp\/v2\/posts\/13504\/revisions"}],"wp:featuredmedia":[{"embeddable":true,"href":"https:\/\/www.edizionilpuntodincontro.it\/articoli\/wp-json\/wp\/v2\/media\/13510"}],"wp:attachment":[{"href":"https:\/\/www.edizionilpuntodincontro.it\/articoli\/wp-json\/wp\/v2\/media?parent=13504"}],"wp:term":[{"taxonomy":"category","embeddable":true,"href":"https:\/\/www.edizionilpuntodincontro.it\/articoli\/wp-json\/wp\/v2\/categories?post=13504"},{"taxonomy":"post_tag","embeddable":true,"href":"https:\/\/www.edizionilpuntodincontro.it\/articoli\/wp-json\/wp\/v2\/tags?post=13504"}],"curies":[{"name":"wp","href":"https:\/\/api.w.org\/{rel}","templated":true}]}}