{"id":1641,"date":"2013-05-27T11:17:59","date_gmt":"2013-05-27T09:17:59","guid":{"rendered":"http:\/\/www.liberidileggere.com\/?p=1641"},"modified":"2021-08-03T17:32:38","modified_gmt":"2021-08-03T15:32:38","slug":"che-emisfero-siamo","status":"publish","type":"post","link":"https:\/\/www.edizionilpuntodincontro.it\/articoli\/benessere\/che-emisfero-siamo.html","title":{"rendered":"Che &#8220;emisfero&#8221; siamo?"},"content":{"rendered":"<p>Gli scienziati affermano che la presenza di un\u2019asimmetria cerebrale (la <strong>divisione del cervello in emisfero sinistro ed emisfero destro<\/strong>), con le sue conseguenze in particolare a livello dell\u2019acquisizione, lo sviluppo e la trasmissione di conoscenze, <strong>\u00e8 un fenomeno fondamentale<\/strong> nel futuro dell\u2019umanit\u00e0.<br \/>\nSi ritiene che chi usa soprattutto l\u2019<strong>emisfero sinistro<\/strong> abbia una <strong>mente logico-deduttiva, analitica, numerica, razionale<\/strong>, a suo agio con la teoria, l\u2019astratto, il linguaggio e i codici. Al contrario, chi privilegia l\u2019<strong>emisfero destro<\/strong> favorisce l\u2019<strong>immagine e la sintesi<\/strong>, il quadro globale delle informazioni. \u00c8 per\u00f2 anche l\u2019universo della <strong>metafora e della creativit\u00e0<\/strong>, certamente per la sua capacit\u00e0 di compiere sintesi.<br \/>\nIn quale di questi due emisferi vi riconoscete? Esistono anche online numerosi test che vi aiuteranno a scoprirlo.<\/p>\n<p><strong>Sapere se diamo la preferenza all\u2019emisfero destro o al sinistro<\/strong> ci serve sicuramente a conoscerci meglio, a comprendere gli strumenti che preferiamo, ma anche a <strong>correggere i nostri punti deboli<\/strong>. \u00c8 importantissimo rendersi conto che <strong>possiamo passare senza problemi da una modalit\u00e0 di funzionamento all\u2019altra<\/strong>: dall\u2019analisi alla creazione pura, da una poesia a una fattura.<br \/>\nIl nostro cervello ha questo di geniale: anche se presenta zone specializzate, \u00e8 del tutto idoneo a metterle in comunicazione, anche se questo principio non viene facilmente applicato alla vita corrente. Il nostro cervello, invece, pu\u00f2 adattarsi in continuazione all\u2019ambiente e alle attivit\u00e0 fino a un\u2019et\u00e0 avanzata!<\/p>\n<p>I primi studi seri in neurologia hanno dimostrato l\u2019importanza del <strong>corpo calloso<\/strong>, l\u2019elemento chiave che unisce i due emisferi e che \u00e8 formato da milioni di fibre nervose. Attraverso questo corpo <strong>si compie la trasmissione della memoria e dell\u2019apprendimento<\/strong>. Recidendo il corpo calloso, i due emisferi continuavano a funzionare ciascuno per proprio conto.<br \/>\nOggi siamo giunti alla conclusione, certamente ancora provvisoria, che i due emisferi del cervello possiedono ognuno una particolare percezione della realt\u00e0 e che \u00e8 la fusione di queste due percezioni a costituire la nostra realt\u00e0. Ciascun lato \u00e8 in grado di fare ci\u00f2 di cui l\u2019altro si occupa, ma dal momento che tutti e due hanno la loro specialit\u00e0, \u00e8 pi\u00f9 efficiente nel suo ambito. L\u2019emisfero sinistro \u00e8 s\u00ec la sede principale della parola, ma questo non impedisce alla parte destra di percepire, reagire o manifestare sentimenti.<br \/>\nI <strong>ricercatori di neuroscienze<\/strong> oggigiorno concordano nel ritenere che l\u2019<strong>emisfero sinistro sia pi\u00f9 sviluppato nelle donne<\/strong>, mentre <strong>quello destro negli uomini<\/strong>. Questa variazione avrebbe luogo sotto diretta influenza degli ormoni sessuali (testosterone, estrogeni ecc.). Per tale motivo, tradizionalmente si ritiene che la donna sia pi\u00f9 portata allo scambio verbale, alla comunicazione e che l\u2019uomo preferisca l\u2019azione e la competizione. Voi cosa ne pensate? Stereotipo, condizionamento culturale oppure vera e propria differenza a livello anatomico?<\/p>\n","protected":false},"excerpt":{"rendered":"<p>Gli scienziati affermano che la presenza di un\u2019asimmetria cerebrale (la divisione del cervello in emisfero sinistro ed emisfero destro), con le sue conseguenze in particolare a livello dell\u2019acquisizione, lo sviluppo e la trasmissione di conoscenze, \u00e8 un fenomeno fondamentale nel futuro dell\u2019umanit\u00e0. Si ritiene che chi usa soprattutto l\u2019emisfero sinistro abbia una mente logico-deduttiva, analitica, numerica, razionale, a suo agio con la teoria, l\u2019astratto, il linguaggio e i codici. Al contrario, chi privilegia l\u2019emisfero destro favorisce l\u2019immagine e la sintesi, il quadro globale delle informazioni. \u00c8 per\u00f2 anche l\u2019universo della metafora e della creativit\u00e0, certamente per la sua capacit\u00e0 di&#8230;<\/p>\n","protected":false},"author":1,"featured_media":1643,"comment_status":"open","ping_status":"open","sticky":false,"template":"","format":"standard","meta":{"footnotes":""},"categories":[1],"tags":[873,872,874,875,876,877],"class_list":["post-1641","post","type-post","status-publish","format-standard","has-post-thumbnail","hentry","category-benessere","tag-divisione-emisferi-cerebrali","tag-emisferi-cerebrali","tag-emisferi-cervello","tag-emisfero-destro","tag-emisfero-sinistro","tag-unione-emisferi"],"_links":{"self":[{"href":"https:\/\/www.edizionilpuntodincontro.it\/articoli\/wp-json\/wp\/v2\/posts\/1641","targetHints":{"allow":["GET"]}}],"collection":[{"href":"https:\/\/www.edizionilpuntodincontro.it\/articoli\/wp-json\/wp\/v2\/posts"}],"about":[{"href":"https:\/\/www.edizionilpuntodincontro.it\/articoli\/wp-json\/wp\/v2\/types\/post"}],"author":[{"embeddable":true,"href":"https:\/\/www.edizionilpuntodincontro.it\/articoli\/wp-json\/wp\/v2\/users\/1"}],"replies":[{"embeddable":true,"href":"https:\/\/www.edizionilpuntodincontro.it\/articoli\/wp-json\/wp\/v2\/comments?post=1641"}],"version-history":[{"count":0,"href":"https:\/\/www.edizionilpuntodincontro.it\/articoli\/wp-json\/wp\/v2\/posts\/1641\/revisions"}],"wp:featuredmedia":[{"embeddable":true,"href":"https:\/\/www.edizionilpuntodincontro.it\/articoli\/wp-json\/wp\/v2\/media\/1643"}],"wp:attachment":[{"href":"https:\/\/www.edizionilpuntodincontro.it\/articoli\/wp-json\/wp\/v2\/media?parent=1641"}],"wp:term":[{"taxonomy":"category","embeddable":true,"href":"https:\/\/www.edizionilpuntodincontro.it\/articoli\/wp-json\/wp\/v2\/categories?post=1641"},{"taxonomy":"post_tag","embeddable":true,"href":"https:\/\/www.edizionilpuntodincontro.it\/articoli\/wp-json\/wp\/v2\/tags?post=1641"}],"curies":[{"name":"wp","href":"https:\/\/api.w.org\/{rel}","templated":true}]}}