{"id":8858,"date":"2018-04-18T11:21:15","date_gmt":"2018-04-18T09:21:15","guid":{"rendered":"https:\/\/www.edizionilpuntodincontro.it\/blog\/?p=8858"},"modified":"2019-03-19T14:02:37","modified_gmt":"2019-03-19T13:02:37","slug":"disallineamento-della-mandibola-quali-le-cause","status":"publish","type":"post","link":"https:\/\/www.edizionilpuntodincontro.it\/articoli\/benessere\/disallineamento-della-mandibola-quali-le-cause.html","title":{"rendered":"Disallineamento della mandibola: quali sono le cause?"},"content":{"rendered":"<p>La caratteristica principale di un <strong>disallineamento della mandibola<\/strong> consiste nello spostamento della mascella rispetto alla mandibola stessa, ossia un errato rapporto di chiusura tra le due. Lo stesso vale per le <strong>malocclusioni dentali<\/strong>: i denti superiori non combaciano con quelli inferiori quando la bocca \u00e8 chiusa.<br \/>In entrambi i casi si tratta di rapporti errati frequentemente interconnessi e accomunati da una <strong>deformazione<\/strong> dell\u2019ossatura temporo-mandibolare, che deriva da una malformazione delle ossa che ospitano e sostengono i denti. Nella maggior parte dei casi, tali malformazioni ossee sono il risultato di disturbi evolutivi e della crescita nella prima o seconda infanzia.<\/p>\n<h4><span style=\"color: #e08804;\"><strong>Cause delle anomalie temporo-mandibolari <\/strong><\/span><\/h4>\n<p>Sapendo da cosa derivano le <strong>anomalie temporo-mandibolari<\/strong> \u00e8 possibile capire anche come possono essere evitate o quantomeno trattate.<br \/>In linea di massima le cause possibili sono le seguenti:<\/p>\n<ol>\n<li>Ereditariet\u00e0 (a livello genetico)<\/li>\n<li>Complicazioni alla nascita<\/li>\n<li>Disfunzioni di masticazione, suzione e deglutizione<\/li>\n<li>Disturbi respiratori, soprattutto con la bocca<\/li>\n<li>Abitudini errate come succhiarsi il pollice o usare succhietti, digrignare i denti, premere eccessivamente la lingua contro i denti, mordersi le labbra<\/li>\n<li>Malattie infettive e di altra natura.<\/li>\n<\/ol>\n<p>\u00a0<\/p>\n<p><span style=\"color: #339966;\"><strong><a href=\"https:\/\/www.edizionilpuntodincontro.it\/articoli\/images\/shutterstock_750860158.jpg\"><img loading=\"lazy\" decoding=\"async\" class=\"size-medium wp-image-8871 alignright\" src=\"https:\/\/www.edizionilpuntodincontro.it\/articoli\/images\/shutterstock_750860158-300x200.jpg\" alt=\"shutterstock_750860158\" width=\"300\" height=\"200\" \/><\/a>Ereditariet\u00e0<\/strong><\/span><br \/>Esistono alcune <strong>anomalie<\/strong> che presentano una componente fortemente <strong>ereditaria<\/strong> e che, pertanto, sono di difficile trattamento gi\u00e0 in et\u00e0 giovanile. Intervenendo precocemente con <em>apparecchi funzionali ortodontici sui denti da latte<\/em> o all\u2019inizio della permuta, per\u00f2, \u00e8 possibile controllarle straordinariamente bene agendo sui fattori epigenetici che le causano.<\/p>\n<p><span style=\"color: #800000;\"><strong>Complicazioni alla nascita<\/strong><\/span><br \/>Le <em>difficolt\u00e0 o i traumi vissuti durante il parto<\/em> si possono riconoscere da determinate <strong>asimmetrie<\/strong>, per esempio il naso storto, un viso con forma e sviluppi differenti sui due lati o un mento spostato.<br \/>Se il <strong>bambino<\/strong> presenta comportamenti strani (per esempio urla molto), uno sviluppo anomalo delle percezioni, dei movimenti o dei disallineamenti posturali, \u00e8 molto importante rivolgersi a un <strong>medico<\/strong>, a un <strong>neurologo<\/strong> o a un <strong>ortopedico<\/strong>; a volte \u00e8 sufficiente la presa esperta di un osteopata o di un ortopedico per mobilizzare le ossa e le articolazioni craniche bloccate e distorte riportandole nella loro posizione simmetrica originaria.<\/p>\n<p><span style=\"color: #3366ff;\"><strong>Disfunzioni di masticazione, suzione e deglutizione<\/strong><\/span><br \/>Le disfunzioni di suzione e deglutizione possono causare <strong>deformazioni<\/strong> e <strong>distorsioni ossee<\/strong> e viceversa. \u00c8 consigliabile, quindi, esercitare con l\u2019aiuto di un<strong> logopedista<\/strong> le funzioni orali prelinguistiche e la respirazione, suzione, masticazione e deglutizione corrette.<\/p>\n<p><strong><span style=\"color: #339966;\"><span style=\"color: #ff9900;\"><a href=\"https:\/\/www.edizionilpuntodincontro.it\/articoli\/images\/shutterstock_240069646.jpg\"><img loading=\"lazy\" decoding=\"async\" class=\"size-medium wp-image-8872 alignleft\" src=\"https:\/\/www.edizionilpuntodincontro.it\/articoli\/images\/shutterstock_240069646-300x200.jpg\" alt=\"shutterstock_240069646\" width=\"300\" height=\"200\" \/><\/a>Respirazione orale<\/span><br \/><\/span><\/strong>Anche un\u2019eccessiva<strong> respirazione con la bocca<\/strong> pu\u00f2 causare anomalie dell\u2019intera parte inferiore del viso e dell\u2019area orale: la tensione di base dei muscoli delle labbra si affievolisce rendendo difficoltosa o impossibile la chiusura corretta della bocca.<strong><span style=\"color: #339966;\"><br \/><\/span><\/strong><\/p>\n<p><span style=\"color: #339966;\"><strong><span style=\"color: #ff99cc;\">Succhiarsi il pollice e usare succhietti<\/span><br \/><\/strong><\/span>Il \u201cdispositivo\u201d ortodontico pi\u00f9 antico, semplice ed economico \u00e8 il <strong>pollice<\/strong> che molti bambini amano succhiare. \u00c8 sufficiente farlo regolarmente e abbastanza a lungo perch\u00e9 si formi un\u2019apertura tra le arcate dentarie, chiamata <em>\u201cmorso aperto da suzione\u201d<\/em>.<br \/>La <strong>suzione<\/strong> pu\u00f2 avvenire anche senza ricorrere al pollice, a un succhietto o a un altro tipo di ciuccio. Spesso succhiamo la nostra stessa lingua muovendola avanti e indietro in bocca. Con il passare del tempo, questo continuo spostamento della lingua nella cavit\u00e0 orale pu\u00f2 causare dei disturbi: con la sua destrezza e ostinazione, essa \u00e8 in grado di modificare la posizione dei denti in tutte le direzioni ma anche la posizione e la forma di <strong>mascella e mandibola<\/strong>.<\/p>\n<p><span style=\"color: #008080;\"><strong>Malattie infettive<\/strong><\/span><br \/>Esiste ancora una causa di <strong>disturbo<\/strong> completamente diversa che pu\u00f2 influenzare le funzioni orali e di base sane: le malattie infettive ricorrenti e spesso croniche alle <strong>vie respiratorie<\/strong>.\u00a0Le pi\u00f9 frequenti sono il raffreddore, le infiammazioni alla gola, la tonsillite, la bronchite, l\u2019otite media o la sinusite.\u00a0Finch\u00e9 il raffreddore non diventa eccessivamente forte, non torna troppo frequentemente e non rimane troppo a lungo, non c\u2019\u00e8 da preoccuparsi; tuttavia, per prevenire la respirazione orale, molto diffusa e dannosa per la salute, \u00e8 consigliabile <strong>tenere pulito il naso<\/strong> di neonati e bambini.<\/p>\n\n\n<div class=\"wp-block-image\"><figure class=\"aligncenter\"><a href=\"https:\/\/www.edizionilpuntodincontro.it\/libri\/la-salute-comincia-in-bocca\"><img decoding=\"async\" src=\"https:\/\/www.edizionilpuntodincontro.it\/articoli\/images\/salute-comincia-in-bocca.jpg\" alt=\"Libro La salute comincia in bocca\" class=\"wp-image-10362\"\/><\/a><\/figure><\/div>\n","protected":false},"excerpt":{"rendered":"<p>La caratteristica principale di un disallineamento della mandibola consiste nello spostamento della mascella rispetto alla mandibola stessa, ossia un errato rapporto di chiusura tra le due. Lo stesso vale per le malocclusioni dentali: i denti superiori non combaciano con quelli inferiori quando la bocca \u00e8 chiusa.In entrambi i casi si tratta di rapporti errati frequentemente interconnessi e accomunati da una deformazione dell\u2019ossatura temporo-mandibolare, che deriva da una malformazione delle ossa che ospitano e sostengono i denti. Nella maggior parte dei casi, tali malformazioni ossee sono il risultato di disturbi evolutivi e della crescita nella prima o seconda infanzia. Cause delle&#8230;<\/p>\n","protected":false},"author":168,"featured_media":8870,"comment_status":"open","ping_status":"open","sticky":false,"template":"","format":"standard","meta":{"footnotes":""},"categories":[1],"tags":[5281,680,2584,5278,1142,3953,2697,5279,5280,3948,1194],"class_list":["post-8858","post","type-post","status-publish","format-standard","has-post-thumbnail","hentry","category-benessere","tag-disallineamento-della-mandibola","tag-edizioni-il-punto-dincontro","tag-la-bocca-della-salute","tag-la-salute-comincia-in-bocca","tag-liberi-di-leggere-2","tag-libri","tag-libro","tag-malocclusione","tag-mandibola","tag-salute","tag-salute-e-benessere"],"_links":{"self":[{"href":"https:\/\/www.edizionilpuntodincontro.it\/articoli\/wp-json\/wp\/v2\/posts\/8858","targetHints":{"allow":["GET"]}}],"collection":[{"href":"https:\/\/www.edizionilpuntodincontro.it\/articoli\/wp-json\/wp\/v2\/posts"}],"about":[{"href":"https:\/\/www.edizionilpuntodincontro.it\/articoli\/wp-json\/wp\/v2\/types\/post"}],"author":[{"embeddable":true,"href":"https:\/\/www.edizionilpuntodincontro.it\/articoli\/wp-json\/wp\/v2\/users\/168"}],"replies":[{"embeddable":true,"href":"https:\/\/www.edizionilpuntodincontro.it\/articoli\/wp-json\/wp\/v2\/comments?post=8858"}],"version-history":[{"count":0,"href":"https:\/\/www.edizionilpuntodincontro.it\/articoli\/wp-json\/wp\/v2\/posts\/8858\/revisions"}],"wp:featuredmedia":[{"embeddable":true,"href":"https:\/\/www.edizionilpuntodincontro.it\/articoli\/wp-json\/wp\/v2\/media\/8870"}],"wp:attachment":[{"href":"https:\/\/www.edizionilpuntodincontro.it\/articoli\/wp-json\/wp\/v2\/media?parent=8858"}],"wp:term":[{"taxonomy":"category","embeddable":true,"href":"https:\/\/www.edizionilpuntodincontro.it\/articoli\/wp-json\/wp\/v2\/categories?post=8858"},{"taxonomy":"post_tag","embeddable":true,"href":"https:\/\/www.edizionilpuntodincontro.it\/articoli\/wp-json\/wp\/v2\/tags?post=8858"}],"curies":[{"name":"wp","href":"https:\/\/api.w.org\/{rel}","templated":true}]}}